{"id":3030,"date":"2022-09-22T21:35:35","date_gmt":"2022-09-22T19:35:35","guid":{"rendered":"https:\/\/gvf.lt\/en\/?p=3030"},"modified":"2022-09-22T21:35:35","modified_gmt":"2022-09-22T19:35:35","slug":"the-opening-of-the-exhibition-jewish-life-in-kaunas-prior-to-the-holocaust-in-kaunas","status":"publish","type":"post","link":"https:\/\/gvf.lt\/en\/2022\/09\/22\/the-opening-of-the-exhibition-jewish-life-in-kaunas-prior-to-the-holocaust-in-kaunas\/","title":{"rendered":"The opening of the exhibition \u201cJewish Life in Kaunas Prior to the Holocaust\u201d in Kaunas"},"content":{"rendered":"<p style=\"text-align: justify;\">On September 25 at 12:00, we invite you to the opening of the exhibition &#8221; Jewish Life in Kaunas Prior to the Holocaust &#8221; from the Michailas Du\u0161kesas Collection of Lithuanian Judaica at the Kaunas Cultural Centre of Various Nations, \u0160v Gertr\u016bdos str. 58, Kaunas. Exhibition curator dr. Vilma Gradinskait\u0117. The exhibition will be open until December 15.<\/p>\n<p style=\"text-align: justify;\">This exhibition is part of the &#8220;Kaunas &#8211; European Capital of Culture 2022&#8221; program.<\/p>\n<p style=\"text-align: justify;\">The project was partially financed by the Good Will Foundation.<\/p>\n<p><img decoding=\"async\" loading=\"lazy\" class=\"aligncenter size-full wp-image-3031\" src=\"https:\/\/gvf.lt\/en\/files\/2022\/09\/Zydu-gyvenimas-Kaune-iki-Holokausto_poster_2_page-0001.jpg\" alt=\"\" width=\"877\" height=\"1241\" data-id=\"3031\" srcset=\"https:\/\/gvf.lt\/en\/files\/2022\/09\/Zydu-gyvenimas-Kaune-iki-Holokausto_poster_2_page-0001.jpg 877w, https:\/\/gvf.lt\/en\/files\/2022\/09\/Zydu-gyvenimas-Kaune-iki-Holokausto_poster_2_page-0001-212x300.jpg 212w, https:\/\/gvf.lt\/en\/files\/2022\/09\/Zydu-gyvenimas-Kaune-iki-Holokausto_poster_2_page-0001-724x1024.jpg 724w\" sizes=\"(max-width: 877px) 100vw, 877px\" \/><\/p>\n","protected":false},"excerpt":{"rendered":"<p>On September 25 at 12:00, we invite you to the opening of the exhibition &#8221; Jewish Life in Kaunas Prior to the Holocaust &#8221; from the Michailas Du\u0161kesas Collection of &hellip; <a href=\"https:\/\/gvf.lt\/en\/2022\/09\/22\/the-opening-of-the-exhibition-jewish-life-in-kaunas-prior-to-the-holocaust-in-kaunas\/\">Read more<\/a><\/p>\n","protected":false},"author":3,"featured_media":3031,"comment_status":"closed","ping_status":"closed","sticky":false,"template":"","format":"standard","meta":[],"categories":[2],"tags":[],"_links":{"self":[{"href":"https:\/\/gvf.lt\/en\/wp-json\/wp\/v2\/posts\/3030"}],"collection":[{"href":"https:\/\/gvf.lt\/en\/wp-json\/wp\/v2\/posts"}],"about":[{"href":"https:\/\/gvf.lt\/en\/wp-json\/wp\/v2\/types\/post"}],"author":[{"embeddable":true,"href":"https:\/\/gvf.lt\/en\/wp-json\/wp\/v2\/users\/3"}],"replies":[{"embeddable":true,"href":"https:\/\/gvf.lt\/en\/wp-json\/wp\/v2\/comments?post=3030"}],"version-history":[{"count":1,"href":"https:\/\/gvf.lt\/en\/wp-json\/wp\/v2\/posts\/3030\/revisions"}],"predecessor-version":[{"id":3032,"href":"https:\/\/gvf.lt\/en\/wp-json\/wp\/v2\/posts\/3030\/revisions\/3032"}],"wp:featuredmedia":[{"embeddable":true,"href":"https:\/\/gvf.lt\/en\/wp-json\/wp\/v2\/media\/3031"}],"wp:attachment":[{"href":"https:\/\/gvf.lt\/en\/wp-json\/wp\/v2\/media?parent=3030"}],"wp:term":[{"taxonomy":"category","embeddable":true,"href":"https:\/\/gvf.lt\/en\/wp-json\/wp\/v2\/categories?post=3030"},{"taxonomy":"post_tag","embeddable":true,"href":"https:\/\/gvf.lt\/en\/wp-json\/wp\/v2\/tags?post=3030"}],"curies":[{"name":"wp","href":"https:\/\/api.w.org\/{rel}","templated":true}]}}