{"id":3298,"date":"2023-03-17T20:38:47","date_gmt":"2023-03-17T18:38:47","guid":{"rendered":"https:\/\/gvf.lt\/en\/?p=3298"},"modified":"2023-03-17T20:38:47","modified_gmt":"2023-03-17T18:38:47","slug":"commemoration-of-march-15th-in-panevezys","status":"publish","type":"post","link":"https:\/\/gvf.lt\/en\/2023\/03\/17\/commemoration-of-march-15th-in-panevezys\/","title":{"rendered":"Commemoration of March 15th in Panev\u0117\u017eys"},"content":{"rendered":"<p style=\"text-align: justify;\">On March 15, the Union of People with Disabilities in the Panev\u0117\u017eys Region held a meeting with teachers, educators and employees of Panev\u0117\u017eys in order to get to know the traditions and customs of the communities living nearby, to refute many stereotypes, to counter the manifestations of anti-Semitism and Romaphobia not only around us, but also in the context of the current global world and events.<\/p>\n<p style=\"text-align: justify;\">Those gathered warmly welcomed Gennady Kofman, chairman of the Jewish community of Panev\u0117\u017eys, who told about the activities of the Jewish community, traditions, the tragic history of the Holocaust in the city and the region of Panev\u0117\u017eys, listened to the stories with great attention and asked many questions about Jewish history and the Holocaust.<\/p>\n<p style=\"text-align: justify;\">The chairman of the Jewish community of Panev\u0117\u017eys emphasized that the day of March 15<sup>th<\/sup> was announced for the first time as the Day of Rescuers of Lithuanian Jews and dedicated to people who did not lose courage in the face of death and saved Jews from one of the most terrible tragedies of the 20<sup>th<\/sup> century \u2013 the Holocaust.<\/p>\n<p style=\"text-align: justify;\">Gennady Kofman invited the participants to join this commemoration and to come to the statue on Tilvytis Street in Pnev\u0117\u017eys, which is dedicated to the memory of Marija Rusteikaite, a former founder of the congregation of sisters.<\/p>\n<p style=\"text-align: justify;\">During World War II, Marija Rusteikait\u0117 bravely sheltered Jewish children and adults in order to save them from the ghetto. The husband of a Jewish woman rescued from the ghetto said that mother Marija used to bring sausages and all kinds of other food items and give them to the ghetto supervisor so that he would let her take some people as her workers. There were cases when she hid Jews in the attic of a residential building, in the woods, and employed them at her workplace.<\/p>\n<p style=\"text-align: justify;\">Sulamita Lev, a witness who survived the Holocaust, lives in Lithuania today and was saved by sister Marija Rusteikaite. Sulamita often visits Panev\u0117\u017eys and meets the nuns of the Congregation of the Sisters of Providence. She is still grateful to Marija Rusteikaite and calls her <em>the Mother<\/em>. Marija Rusteikaite saved many lives of Jews, sent some to other people, because she was very risky, she could have been shot at any time if it was found out that she was hiding Jewish children. For her heroism, the State of Israel posthumously awarded her with the Commemorative Medal of the Righteous Among the Nations, and the Certificate of Honor, and the State of Lithuania awarded her with the Cross of Saving the Dying and a Certificate of Gratitude.<\/p>\n<div id=\"kad-wp-gallery53\" class=\"kad-wp-gallery init-isotope kad-light-wp-gallery clearfix rowtight\" data-fade-in=\"1\" data-iso-selector=\".g_item\" data-iso-style=\"masonry\" data-iso-filter=\"false\"><div class=\"tcol-lg-6 tcol-md-6 tcol-sm-6 tcol-xs-12 tcol-ss-12 g_item\"><div class=\"grid_item kt_item_fade_in kad_gallery_fade_in gallery_item\"><a href=\"https:\/\/gvf.lt\/en\/files\/2023\/03\/20230315_150426.jpg\" rel=\"lightbox[pp_gal]\" class=\"lightboxhover\">\r\n                          <img src=\"https:\/\/gvf.lt\/en\/files\/2023\/03\/20230315_150426-560x420.jpg\" width=\"560\" height=\"560\" alt=\"\" class=\"light-dropshaddow\"\/><\/a><\/div><\/div><div class=\"tcol-lg-6 tcol-md-6 tcol-sm-6 tcol-xs-12 tcol-ss-12 g_item\"><div class=\"grid_item kt_item_fade_in kad_gallery_fade_in gallery_item\"><a href=\"https:\/\/gvf.lt\/en\/files\/2023\/03\/20230315_111152.jpg\" rel=\"lightbox[pp_gal]\" class=\"lightboxhover\">\r\n                          <img src=\"https:\/\/gvf.lt\/en\/files\/2023\/03\/20230315_111152-560x420.jpg\" width=\"560\" height=\"560\" alt=\"\" class=\"light-dropshaddow\"\/><\/a><\/div><\/div><\/div>\n","protected":false},"excerpt":{"rendered":"<p>On March 15, the Union of People with Disabilities in the Panev\u0117\u017eys Region held a meeting with teachers, educators and employees of Panev\u0117\u017eys in order to get to know the &hellip; <a href=\"https:\/\/gvf.lt\/en\/2023\/03\/17\/commemoration-of-march-15th-in-panevezys\/\">Read more<\/a><\/p>\n","protected":false},"author":3,"featured_media":3300,"comment_status":"closed","ping_status":"closed","sticky":false,"template":"","format":"standard","meta":[],"categories":[2],"tags":[],"_links":{"self":[{"href":"https:\/\/gvf.lt\/en\/wp-json\/wp\/v2\/posts\/3298"}],"collection":[{"href":"https:\/\/gvf.lt\/en\/wp-json\/wp\/v2\/posts"}],"about":[{"href":"https:\/\/gvf.lt\/en\/wp-json\/wp\/v2\/types\/post"}],"author":[{"embeddable":true,"href":"https:\/\/gvf.lt\/en\/wp-json\/wp\/v2\/users\/3"}],"replies":[{"embeddable":true,"href":"https:\/\/gvf.lt\/en\/wp-json\/wp\/v2\/comments?post=3298"}],"version-history":[{"count":1,"href":"https:\/\/gvf.lt\/en\/wp-json\/wp\/v2\/posts\/3298\/revisions"}],"predecessor-version":[{"id":3302,"href":"https:\/\/gvf.lt\/en\/wp-json\/wp\/v2\/posts\/3298\/revisions\/3302"}],"wp:featuredmedia":[{"embeddable":true,"href":"https:\/\/gvf.lt\/en\/wp-json\/wp\/v2\/media\/3300"}],"wp:attachment":[{"href":"https:\/\/gvf.lt\/en\/wp-json\/wp\/v2\/media?parent=3298"}],"wp:term":[{"taxonomy":"category","embeddable":true,"href":"https:\/\/gvf.lt\/en\/wp-json\/wp\/v2\/categories?post=3298"},{"taxonomy":"post_tag","embeddable":true,"href":"https:\/\/gvf.lt\/en\/wp-json\/wp\/v2\/tags?post=3298"}],"curies":[{"name":"wp","href":"https:\/\/api.w.org\/{rel}","templated":true}]}}