{"id":3628,"date":"2023-07-31T11:04:27","date_gmt":"2023-07-31T09:04:27","guid":{"rendered":"https:\/\/gvf.lt\/en\/?p=3628"},"modified":"2023-07-31T11:04:27","modified_gmt":"2023-07-31T09:04:27","slug":"the-panevezys-esperanto-club-celebrated-a-century-of-activity","status":"publish","type":"post","link":"https:\/\/gvf.lt\/en\/2023\/07\/31\/the-panevezys-esperanto-club-celebrated-a-century-of-activity\/","title":{"rendered":"The Panev\u0117\u017eys Esperanto Club celebrated a century of activity"},"content":{"rendered":"<p style=\"text-align: justify;\">The event was attended by Gennady Kofman, chairman of the Jewish community of Panev\u0117\u017eys, who on behalf of Faina Kukliansky, the chairwoman of the Lithuanian Jewish (Litvak) community, congratulated all those present and wished success in the work of the congress. In his speech, G. Kofman also reviewed and presented the book &#8220;Looking into the past: the history and legacy of the Jews of Panev\u0117\u017eys&#8221;. It was recalled that the first Esperantists in Panev\u0117\u017eys were Jews and their important contribution to Esperanto activities was noted.<\/p>\n<p style=\"text-align: justify;\">Vida Kulikauskien\u0117, the president of Panev\u0117\u017eys Esperanto Club &#8220;Revo&#8221;, introduced a brief history of the 100th anniversary of the Panev\u0117\u017eys Esperanto Club. She said that Aleksandras Dambrauskas (Adomas Jak\u0161tas), who is considered the pioneer of the Esperanto language in Lithuania, could have given the very beginning.<\/p>\n<p style=\"text-align: justify;\">In 1887, Ludwig Lazar Zamenhof published the first book about the international language &#8220;International Language: Introduction and Complete Textbook&#8221;. Followers of this language soon appeared in Lithuania as well.<\/p>\n<p style=\"text-align: justify;\">V. Kulikauskien\u0117 gave a detailed overview of the interwar period, in which Jewish people were particularly active. She said that the first society was founded in 1923, and the longest at the helm of the Panev\u0117\u017eys Esperanto Society was Jok\u016bbas Kanas, who was elected chairman of the Society&#8217;s board in 1932 and led the Society until his death in 1941.<\/p>\n<p style=\"text-align: justify;\">The consequences of World War II for the Esperanto movement and activities in the post-war period were recalled. It was noted that the war took the lives of many Panev\u0117\u017eys Esperantists, and the society itself was banned.<\/p>\n<p style=\"text-align: justify;\">In Panev\u0117\u017eys, this language began to recover only in 1956, thanks to the Esperantist Juozas Kazlauskas, who, having gathered the remaining pre-war Esperantists, devoted his main efforts to teaching the language.<\/p>\n<p>&nbsp;<\/p>\n<p style=\"text-align: center;\">Participants of the Panev\u0117\u017eys Esperanto Club with their flag in 1930. Above is the daughter of Rabbi Abraham Grinberg, Anni Grinberg, the only survivor of the Grinberg family during the Holocaust \/ Photo \u00a9 Panev\u0117\u017eys Jewish Community.<\/p>\n<p><img decoding=\"async\" loading=\"lazy\" class=\"aligncenter size-full wp-image-3629\" src=\"https:\/\/gvf.lt\/en\/files\/2023\/07\/3.-FOTO.jpg\" alt=\"\" width=\"1154\" height=\"797\" data-id=\"3629\" srcset=\"https:\/\/gvf.lt\/en\/files\/2023\/07\/3.-FOTO.jpg 1154w, https:\/\/gvf.lt\/en\/files\/2023\/07\/3.-FOTO-300x207.jpg 300w, https:\/\/gvf.lt\/en\/files\/2023\/07\/3.-FOTO-1024x707.jpg 1024w\" sizes=\"(max-width: 1154px) 100vw, 1154px\" \/><\/p>\n<p style=\"text-align: center;\">Panev\u0117\u017eys Esperanto Club in historical photos \/ Photo \u00a9 Panev\u0117\u017eys Jewish Community.<\/p>\n<p><img decoding=\"async\" loading=\"lazy\" class=\"aligncenter size-full wp-image-3630\" src=\"https:\/\/gvf.lt\/en\/files\/2023\/07\/4.-FOTO.jpg\" alt=\"\" width=\"1162\" height=\"774\" data-id=\"3630\" srcset=\"https:\/\/gvf.lt\/en\/files\/2023\/07\/4.-FOTO.jpg 1162w, https:\/\/gvf.lt\/en\/files\/2023\/07\/4.-FOTO-300x200.jpg 300w, https:\/\/gvf.lt\/en\/files\/2023\/07\/4.-FOTO-1024x682.jpg 1024w\" sizes=\"(max-width: 1162px) 100vw, 1162px\" \/><\/p>\n","protected":false},"excerpt":{"rendered":"<p>The event was attended by Gennady Kofman, chairman of the Jewish community of Panev\u0117\u017eys, who on behalf of Faina Kukliansky, the chairwoman of the Lithuanian Jewish (Litvak) community, congratulated all &hellip; <a href=\"https:\/\/gvf.lt\/en\/2023\/07\/31\/the-panevezys-esperanto-club-celebrated-a-century-of-activity\/\">Read more<\/a><\/p>\n","protected":false},"author":3,"featured_media":3629,"comment_status":"closed","ping_status":"closed","sticky":false,"template":"","format":"standard","meta":[],"categories":[2],"tags":[],"_links":{"self":[{"href":"https:\/\/gvf.lt\/en\/wp-json\/wp\/v2\/posts\/3628"}],"collection":[{"href":"https:\/\/gvf.lt\/en\/wp-json\/wp\/v2\/posts"}],"about":[{"href":"https:\/\/gvf.lt\/en\/wp-json\/wp\/v2\/types\/post"}],"author":[{"embeddable":true,"href":"https:\/\/gvf.lt\/en\/wp-json\/wp\/v2\/users\/3"}],"replies":[{"embeddable":true,"href":"https:\/\/gvf.lt\/en\/wp-json\/wp\/v2\/comments?post=3628"}],"version-history":[{"count":1,"href":"https:\/\/gvf.lt\/en\/wp-json\/wp\/v2\/posts\/3628\/revisions"}],"predecessor-version":[{"id":3631,"href":"https:\/\/gvf.lt\/en\/wp-json\/wp\/v2\/posts\/3628\/revisions\/3631"}],"wp:featuredmedia":[{"embeddable":true,"href":"https:\/\/gvf.lt\/en\/wp-json\/wp\/v2\/media\/3629"}],"wp:attachment":[{"href":"https:\/\/gvf.lt\/en\/wp-json\/wp\/v2\/media?parent=3628"}],"wp:term":[{"taxonomy":"category","embeddable":true,"href":"https:\/\/gvf.lt\/en\/wp-json\/wp\/v2\/categories?post=3628"},{"taxonomy":"post_tag","embeddable":true,"href":"https:\/\/gvf.lt\/en\/wp-json\/wp\/v2\/tags?post=3628"}],"curies":[{"name":"wp","href":"https:\/\/api.w.org\/{rel}","templated":true}]}}