{"id":3726,"date":"2023-08-15T20:21:05","date_gmt":"2023-08-15T18:21:05","guid":{"rendered":"https:\/\/gvf.lt\/en\/?p=3726"},"modified":"2023-08-15T20:21:05","modified_gmt":"2023-08-15T18:21:05","slug":"a-guest-from-canada-visited-the-jewish-community-of-panevezys","status":"publish","type":"post","link":"https:\/\/gvf.lt\/en\/2023\/08\/15\/a-guest-from-canada-visited-the-jewish-community-of-panevezys\/","title":{"rendered":"A Guest from Canada visited the Jewish community of Panev\u0117\u017eys"},"content":{"rendered":"<p>In July, the Panev\u0117\u017eys Jewish community was visited by a guest from Toronto &#8211; Jerold Landau, who works at IBM, a historian, and a translator from Hebrew and Yiddish to English.<\/p>\n<p>J. Landau graduated from the Yeshiva of Toronto and considers himself an Orthodox Jew.<\/p>\n<p>He came to Panev\u0117\u017eys to get to know the Lithuanian Jews and their history in Lithuania.<\/p>\n<p>Speaking about his biography, he said that his great-grandparents and relatives lived in Zhytomyr (Ukraine). Grandma was the only one who managed to survive the Holocaust. Both of her sisters were killed in Rovno, Ukraine.<\/p>\n<p>The guest got acquainted with the activities of the Jewish community of Panev\u0117\u017eys, visited the historical places of Panev\u0117\u017eys Jews and left warm wishes in the guest book of community.<\/p>\n<div id=\"kad-wp-gallery58\" class=\"kad-wp-gallery init-isotope kad-light-wp-gallery clearfix rowtight\" data-fade-in=\"1\" data-iso-selector=\".g_item\" data-iso-style=\"masonry\" data-iso-filter=\"false\"><div class=\"tcol-lg-6 tcol-md-6 tcol-sm-6 tcol-xs-12 tcol-ss-12 g_item\"><div class=\"grid_item kt_item_fade_in kad_gallery_fade_in gallery_item\"><a href=\"https:\/\/gvf.lt\/en\/files\/2023\/08\/20230803_114840.jpg\" rel=\"lightbox[pp_gal]\" class=\"lightboxhover\">\r\n                          <img src=\"https:\/\/gvf.lt\/en\/files\/2023\/08\/20230803_114840-560x420.jpg\" width=\"560\" height=\"560\" alt=\"\" class=\"light-dropshaddow\"\/><\/a><\/div><\/div><div class=\"tcol-lg-6 tcol-md-6 tcol-sm-6 tcol-xs-12 tcol-ss-12 g_item\"><div class=\"grid_item kt_item_fade_in kad_gallery_fade_in gallery_item\"><a href=\"https:\/\/gvf.lt\/en\/files\/2023\/08\/20230803_124250.jpg\" rel=\"lightbox[pp_gal]\" class=\"lightboxhover\">\r\n                          <img src=\"https:\/\/gvf.lt\/en\/files\/2023\/08\/20230803_124250-560x420.jpg\" width=\"560\" height=\"560\" alt=\"\" class=\"light-dropshaddow\"\/><\/a><\/div><\/div><\/div>\n","protected":false},"excerpt":{"rendered":"<p>In July, the Panev\u0117\u017eys Jewish community was visited by a guest from Toronto &#8211; Jerold Landau, who works at IBM, a historian, and a translator from Hebrew and Yiddish to &hellip; <a href=\"https:\/\/gvf.lt\/en\/2023\/08\/15\/a-guest-from-canada-visited-the-jewish-community-of-panevezys\/\">Read more<\/a><\/p>\n","protected":false},"author":3,"featured_media":3728,"comment_status":"closed","ping_status":"closed","sticky":false,"template":"","format":"standard","meta":[],"categories":[2],"tags":[],"_links":{"self":[{"href":"https:\/\/gvf.lt\/en\/wp-json\/wp\/v2\/posts\/3726"}],"collection":[{"href":"https:\/\/gvf.lt\/en\/wp-json\/wp\/v2\/posts"}],"about":[{"href":"https:\/\/gvf.lt\/en\/wp-json\/wp\/v2\/types\/post"}],"author":[{"embeddable":true,"href":"https:\/\/gvf.lt\/en\/wp-json\/wp\/v2\/users\/3"}],"replies":[{"embeddable":true,"href":"https:\/\/gvf.lt\/en\/wp-json\/wp\/v2\/comments?post=3726"}],"version-history":[{"count":1,"href":"https:\/\/gvf.lt\/en\/wp-json\/wp\/v2\/posts\/3726\/revisions"}],"predecessor-version":[{"id":3729,"href":"https:\/\/gvf.lt\/en\/wp-json\/wp\/v2\/posts\/3726\/revisions\/3729"}],"wp:featuredmedia":[{"embeddable":true,"href":"https:\/\/gvf.lt\/en\/wp-json\/wp\/v2\/media\/3728"}],"wp:attachment":[{"href":"https:\/\/gvf.lt\/en\/wp-json\/wp\/v2\/media?parent=3726"}],"wp:term":[{"taxonomy":"category","embeddable":true,"href":"https:\/\/gvf.lt\/en\/wp-json\/wp\/v2\/categories?post=3726"},{"taxonomy":"post_tag","embeddable":true,"href":"https:\/\/gvf.lt\/en\/wp-json\/wp\/v2\/tags?post=3726"}],"curies":[{"name":"wp","href":"https:\/\/api.w.org\/{rel}","templated":true}]}}