{"id":3730,"date":"2023-08-16T20:24:52","date_gmt":"2023-08-16T18:24:52","guid":{"rendered":"https:\/\/gvf.lt\/en\/?p=3730"},"modified":"2023-08-15T20:27:09","modified_gmt":"2023-08-15T18:27:09","slug":"members-of-the-panevezys-jewish-community-visited-jurmala","status":"publish","type":"post","link":"https:\/\/gvf.lt\/en\/2023\/08\/16\/members-of-the-panevezys-jewish-community-visited-jurmala\/","title":{"rendered":"Members of the Panev\u0117\u017eys Jewish community visited Jurmala"},"content":{"rendered":"<p style=\"text-align: justify;\">On July 28-29, 2023, members of the Jewish community of Panev\u0117\u017eys went on a sightseeing-leisure trip to J\u016brmala, according to the development project of the Panev\u0117\u017eys city Jewish community funded by the Good Will Foundation.<\/p>\n<p style=\"text-align: justify;\">On the way, they got acquainted with the history of the city of Bausk\u0117 where they visited the castle, 20 kilometers away from the Lithuanian border. After arriving in Jurmala, the members visited the city center, local history museum and churches, and learned about the history of the Jews.<\/p>\n<p style=\"text-align: justify;\">On the way back to Panev\u0117\u017eys, they visited the memorial sites of the Holocaust victims.<\/p>\n<div id=\"kad-wp-gallery86\" class=\"kad-wp-gallery init-isotope kad-light-wp-gallery clearfix rowtight\" data-fade-in=\"1\" data-iso-selector=\".g_item\" data-iso-style=\"masonry\" data-iso-filter=\"false\"><div class=\"tcol-lg-4 tcol-md-4 tcol-sm-4 tcol-xs-6 tcol-ss-12 g_item\"><div class=\"grid_item kt_item_fade_in kad_gallery_fade_in gallery_item\"><a href=\"https:\/\/gvf.lt\/en\/files\/2023\/08\/2..jpg\" rel=\"lightbox[pp_gal]\" class=\"lightboxhover\">\r\n                          <img src=\"https:\/\/gvf.lt\/en\/files\/2023\/08\/2.-366x353.jpg\" width=\"366\" height=\"366\" alt=\"\" class=\"light-dropshaddow\"\/><\/a><\/div><\/div><div class=\"tcol-lg-4 tcol-md-4 tcol-sm-4 tcol-xs-6 tcol-ss-12 g_item\"><div class=\"grid_item kt_item_fade_in kad_gallery_fade_in gallery_item\"><a href=\"https:\/\/gvf.lt\/en\/files\/2023\/08\/3..jpg\" rel=\"lightbox[pp_gal]\" class=\"lightboxhover\">\r\n                          <img src=\"https:\/\/gvf.lt\/en\/files\/2023\/08\/3.-366x352.jpg\" width=\"366\" height=\"366\" alt=\"\" class=\"light-dropshaddow\"\/><\/a><\/div><\/div><div class=\"tcol-lg-4 tcol-md-4 tcol-sm-4 tcol-xs-6 tcol-ss-12 g_item\"><div class=\"grid_item kt_item_fade_in kad_gallery_fade_in gallery_item\"><a href=\"https:\/\/gvf.lt\/en\/files\/2023\/08\/4..jpg\" rel=\"lightbox[pp_gal]\" class=\"lightboxhover\">\r\n                          <img src=\"https:\/\/gvf.lt\/en\/files\/2023\/08\/4.-366x327.jpg\" width=\"366\" height=\"366\" alt=\"\" class=\"light-dropshaddow\"\/><\/a><\/div><\/div><\/div>\n","protected":false},"excerpt":{"rendered":"<p>On July 28-29, 2023, members of the Jewish community of Panev\u0117\u017eys went on a sightseeing-leisure trip to J\u016brmala, according to the development project of the Panev\u0117\u017eys city Jewish community funded &hellip; <a href=\"https:\/\/gvf.lt\/en\/2023\/08\/16\/members-of-the-panevezys-jewish-community-visited-jurmala\/\">Read more<\/a><\/p>\n","protected":false},"author":3,"featured_media":3736,"comment_status":"closed","ping_status":"closed","sticky":false,"template":"","format":"standard","meta":[],"categories":[2],"tags":[],"_links":{"self":[{"href":"https:\/\/gvf.lt\/en\/wp-json\/wp\/v2\/posts\/3730"}],"collection":[{"href":"https:\/\/gvf.lt\/en\/wp-json\/wp\/v2\/posts"}],"about":[{"href":"https:\/\/gvf.lt\/en\/wp-json\/wp\/v2\/types\/post"}],"author":[{"embeddable":true,"href":"https:\/\/gvf.lt\/en\/wp-json\/wp\/v2\/users\/3"}],"replies":[{"embeddable":true,"href":"https:\/\/gvf.lt\/en\/wp-json\/wp\/v2\/comments?post=3730"}],"version-history":[{"count":1,"href":"https:\/\/gvf.lt\/en\/wp-json\/wp\/v2\/posts\/3730\/revisions"}],"predecessor-version":[{"id":3735,"href":"https:\/\/gvf.lt\/en\/wp-json\/wp\/v2\/posts\/3730\/revisions\/3735"}],"wp:featuredmedia":[{"embeddable":true,"href":"https:\/\/gvf.lt\/en\/wp-json\/wp\/v2\/media\/3736"}],"wp:attachment":[{"href":"https:\/\/gvf.lt\/en\/wp-json\/wp\/v2\/media?parent=3730"}],"wp:term":[{"taxonomy":"category","embeddable":true,"href":"https:\/\/gvf.lt\/en\/wp-json\/wp\/v2\/categories?post=3730"},{"taxonomy":"post_tag","embeddable":true,"href":"https:\/\/gvf.lt\/en\/wp-json\/wp\/v2\/tags?post=3730"}],"curies":[{"name":"wp","href":"https:\/\/api.w.org\/{rel}","templated":true}]}}