{"id":4175,"date":"2023-09-26T20:24:44","date_gmt":"2023-09-26T18:24:44","guid":{"rendered":"https:\/\/gvf.lt\/en\/?p=4175"},"modified":"2023-09-26T20:24:44","modified_gmt":"2023-09-26T18:24:44","slug":"holocaust-memorial-day-commemoration-in-panevezys","status":"publish","type":"post","link":"https:\/\/gvf.lt\/en\/2023\/09\/26\/holocaust-memorial-day-commemoration-in-panevezys\/","title":{"rendered":"Holocaust Memorial Day commemoration in Panev\u0117\u017eys"},"content":{"rendered":"<p style=\"text-align: justify;\">In 1941, Lithuania was occupied by Nazi Germany and within a few months, a large part of the Jewish community of Lithuania was destroyed.<\/p>\n<p style=\"text-align: justify;\">Lithuanian Jews were forced into ghettos set up in the towns. Most of the ghettos were liquidated by the Nazis after a few months, while the remaining ghettos in Vilnius, Kaunas and \u0160iauliai remained open for 2-3 years. In Panev\u0117\u017eys, a ghetto was established on 10-11 July 1941 and destroyed in August. The Vilnius ghetto was liquidated on 23 September 1943, and the Jews of Panev\u0117\u017eys were ordered to move to their assigned quarter, bounded by Klaip\u0117dos, Krekenava, J.Tilvy\u010dio, Skerdyklos streets, by the evening of 11 July.<\/p>\n<p style=\"text-align: justify;\">This area was not chosen by the Nazis by chance. In 1914, the Joint, a charitable foundation founded by wealthy Jews in England, France and the USA, provided support through the Jewish People&#8217;s Bank for the construction of housing for their compatriots. Most of the Jewish houses built in interwar Panev\u0117\u017eys with the help of the Joint Fund were located in the area of the ghetto, in the present-day J. Zikaras Street, which was called Joint from 1923 until 1953.<\/p>\n<p style=\"text-align: justify;\">On 28 July, such a list was compiled: 4423 Jews lived in the ghetto. The number of children under the age of 2 years was 159, between 2 and 4 years 119 and between 4 and 6 years 139.<\/p>\n<p style=\"text-align: justify;\">It goes on to say that 3207 Jews have shelter, while 1216 do not and live in courtyards. At the beginning of August, the Nazis informed the ghetto inmates that able-bodied men would be taken to the Pajuoste airport for work and would be housed in barracks there. This was a false report. In fact, several thousand Jewish men were taken to the Green Forest and shot.<\/p>\n<p style=\"text-align: justify;\">&#8220;Today marks the 80th anniversary of the liquidation of the Vilnius Ghetto. The majority of the ghetto&#8217;s inhabitants were murdered,&#8221; said Gennady Kofman, President of the Panev\u0117\u017eys Jewish community, at the opening of the commemoration.<\/p>\n<p style=\"text-align: justify;\">The Jewish community of Panev\u0117\u017eys began the commemoration in the Square of Memory, at the memorial &#8220;Saddened Jewish Mother&#8221;, where candles were lit and wreaths laid.<\/p>\n<p style=\"text-align: justify;\">The Deputy Mayor of Panev\u0117\u017eys Loreta Masili\u016bnien\u0117, the Mayor of Panev\u0117\u017eys District Municipality Antanas Pocius, pupils of the gymnasium took part in the commemoration and gave speeches. Later, all the participants of the commemoration went to visit the mass extermination sites of the Jews in the Kurganava Forest and the Holocaust Memorial Site in Green Forest.<\/p>\n<p style=\"text-align: justify;\">Candles were also lit and wreaths laid to commemorate the day when we all remember the large Jewish community that lived in Lithuania.<\/p>\n<div id=\"kad-wp-gallery74\" class=\"kad-wp-gallery init-isotope kad-light-wp-gallery clearfix rowtight\" data-fade-in=\"1\" data-iso-selector=\".g_item\" data-iso-style=\"masonry\" data-iso-filter=\"false\"><div class=\"tcol-lg-4 tcol-md-4 tcol-sm-4 tcol-xs-6 tcol-ss-12 g_item\"><div class=\"grid_item kt_item_fade_in kad_gallery_fade_in gallery_item\"><a href=\"https:\/\/gvf.lt\/en\/files\/2023\/09\/IMG_3236.jpg\" rel=\"lightbox[pp_gal]\" class=\"lightboxhover\">\r\n                          <img src=\"https:\/\/gvf.lt\/en\/files\/2023\/09\/IMG_3236-366x244.jpg\" width=\"366\" height=\"366\" alt=\"\" class=\"light-dropshaddow\"\/><\/a><\/div><\/div><div class=\"tcol-lg-4 tcol-md-4 tcol-sm-4 tcol-xs-6 tcol-ss-12 g_item\"><div class=\"grid_item kt_item_fade_in kad_gallery_fade_in gallery_item\"><a href=\"https:\/\/gvf.lt\/en\/files\/2023\/09\/20230925_131127-rotated.jpg\" rel=\"lightbox[pp_gal]\" class=\"lightboxhover\">\r\n                          <img src=\"https:\/\/gvf.lt\/en\/files\/2023\/09\/20230925_131127-rotated-366x488.jpg\" width=\"366\" height=\"366\" alt=\"\" class=\"light-dropshaddow\"\/><\/a><\/div><\/div><div class=\"tcol-lg-4 tcol-md-4 tcol-sm-4 tcol-xs-6 tcol-ss-12 g_item\"><div class=\"grid_item kt_item_fade_in kad_gallery_fade_in gallery_item\"><a href=\"https:\/\/gvf.lt\/en\/files\/2023\/09\/20230922_145218-rotated.jpg\" rel=\"lightbox[pp_gal]\" class=\"lightboxhover\">\r\n                          <img src=\"https:\/\/gvf.lt\/en\/files\/2023\/09\/20230922_145218-rotated-366x488.jpg\" width=\"366\" height=\"366\" alt=\"\" class=\"light-dropshaddow\"\/><\/a><\/div><\/div><div class=\"tcol-lg-4 tcol-md-4 tcol-sm-4 tcol-xs-6 tcol-ss-12 g_item\"><div class=\"grid_item kt_item_fade_in kad_gallery_fade_in gallery_item\"><a href=\"https:\/\/gvf.lt\/en\/files\/2023\/09\/7.jpg\" rel=\"lightbox[pp_gal]\" class=\"lightboxhover\">\r\n                          <img src=\"https:\/\/gvf.lt\/en\/files\/2023\/09\/7-366x243.jpg\" width=\"366\" height=\"366\" alt=\"\" class=\"light-dropshaddow\"\/><\/a><\/div><\/div><div class=\"tcol-lg-4 tcol-md-4 tcol-sm-4 tcol-xs-6 tcol-ss-12 g_item\"><div class=\"grid_item kt_item_fade_in kad_gallery_fade_in gallery_item\"><a href=\"https:\/\/gvf.lt\/en\/files\/2023\/09\/1.jpg\" rel=\"lightbox[pp_gal]\" class=\"lightboxhover\">\r\n                          <img src=\"https:\/\/gvf.lt\/en\/files\/2023\/09\/1-366x280.jpg\" width=\"366\" height=\"366\" alt=\"\" class=\"light-dropshaddow\"\/><\/a><\/div><\/div><\/div>\n","protected":false},"excerpt":{"rendered":"<p>In 1941, Lithuania was occupied by Nazi Germany and within a few months, a large part of the Jewish community of Lithuania was destroyed. Lithuanian Jews were forced into ghettos &hellip; <a href=\"https:\/\/gvf.lt\/en\/2023\/09\/26\/holocaust-memorial-day-commemoration-in-panevezys\/\">Read more<\/a><\/p>\n","protected":false},"author":3,"featured_media":4178,"comment_status":"closed","ping_status":"closed","sticky":false,"template":"","format":"standard","meta":[],"categories":[2],"tags":[],"_links":{"self":[{"href":"https:\/\/gvf.lt\/en\/wp-json\/wp\/v2\/posts\/4175"}],"collection":[{"href":"https:\/\/gvf.lt\/en\/wp-json\/wp\/v2\/posts"}],"about":[{"href":"https:\/\/gvf.lt\/en\/wp-json\/wp\/v2\/types\/post"}],"author":[{"embeddable":true,"href":"https:\/\/gvf.lt\/en\/wp-json\/wp\/v2\/users\/3"}],"replies":[{"embeddable":true,"href":"https:\/\/gvf.lt\/en\/wp-json\/wp\/v2\/comments?post=4175"}],"version-history":[{"count":1,"href":"https:\/\/gvf.lt\/en\/wp-json\/wp\/v2\/posts\/4175\/revisions"}],"predecessor-version":[{"id":4182,"href":"https:\/\/gvf.lt\/en\/wp-json\/wp\/v2\/posts\/4175\/revisions\/4182"}],"wp:featuredmedia":[{"embeddable":true,"href":"https:\/\/gvf.lt\/en\/wp-json\/wp\/v2\/media\/4178"}],"wp:attachment":[{"href":"https:\/\/gvf.lt\/en\/wp-json\/wp\/v2\/media?parent=4175"}],"wp:term":[{"taxonomy":"category","embeddable":true,"href":"https:\/\/gvf.lt\/en\/wp-json\/wp\/v2\/categories?post=4175"},{"taxonomy":"post_tag","embeddable":true,"href":"https:\/\/gvf.lt\/en\/wp-json\/wp\/v2\/tags?post=4175"}],"curies":[{"name":"wp","href":"https:\/\/api.w.org\/{rel}","templated":true}]}}